{"id":10315,"date":"2020-09-26T14:22:45","date_gmt":"2020-09-26T14:22:45","guid":{"rendered":"https:\/\/michaela-merk.com\/post-covid-leadership-emotional-intelligence\/"},"modified":"2025-02-20T14:59:41","modified_gmt":"2025-02-20T14:59:41","slug":"post-covid-leadership-emotional-intelligence","status":"publish","type":"post","link":"https:\/\/michaela-merk.com\/fr\/post-covid-leadership-emotional-intelligence\/","title":{"rendered":"Le leadership post-Covid : Moins de vision &#8211; plus de relations"},"content":{"rendered":"<h2>Le leadership post-Covid : Moins de vision &#8211; plus de relations<\/h2>\n<div class=\"wpb_text_column wpb_content_element \">\n<div class=\"wpb_wrapper\">\n<p><strong>Changez de lunettes !<\/strong><\/p>\n<p>Avant la crise, les dirigeants aimaient regarder loin, faire des projections \u00e0 long terme, planifier leur avenir, \u00e9tablir des budgets pour cinq ans. Souvent loin de leurs employ\u00e9s, ils prenaient des d\u00e9cisions pendant que les \u00e9quipes ramaient pour faire avancer le navire.<\/p>\n<\/div>\n<\/div>\n<div class=\"divider-wrap\" data-alignment=\"default\">\n<div class=\"divider\"><\/div>\n<\/div>\n<div class=\"img-with-aniamtion-wrap \" data-max-width=\"100%\" data-max-width-mobile=\"default\" data-border-radius=\"none\" data-shadow=\"none\" data-animation=\"none\">\n<div class=\"inner\">\n<div class=\"hover-wrap\" data-hover-animation=\"none\">\n<div class=\"hover-wrap-inner\"><img fetchpriority=\"high\" decoding=\"async\" class=\"img-with-animation skip-lazy animated-in\" src=\"https:\/\/merk-vision.com\/wp-content\/uploads\/2020\/09\/Picture1-MV.jpg\" sizes=\"(min-width: 1450px) 75vw, (min-width: 1000px) 85vw, 100vw\" srcset=\"https:\/\/merk-vision.com\/wp-content\/uploads\/2020\/09\/Picture1-MV.jpg 1107w, https:\/\/merk-vision.com\/wp-content\/uploads\/2020\/09\/Picture1-MV-300x230.jpg 300w, https:\/\/merk-vision.com\/wp-content\/uploads\/2020\/09\/Picture1-MV-1024x785.jpg 1024w, https:\/\/merk-vision.com\/wp-content\/uploads\/2020\/09\/Picture1-MV-768x589.jpg 768w, https:\/\/merk-vision.com\/wp-content\/uploads\/2020\/09\/Picture1-MV-200x153.jpg 200w\" alt=\"Post-Covid Leadership: Less vision - more relationship Picture 1\" width=\"977\" height=\"749\" data-delay=\"0\" data-animation=\"none\" \/><\/div>\n<\/div>\n<\/div>\n<\/div>\n<div><\/div>\n<div><\/div>\n<div><\/div>\n<div class=\"divider-wrap\" data-alignment=\"default\">\n<div class=\"divider\"><\/div>\n<\/div>\n<div class=\"wpb_text_column wpb_content_element \">\n<div class=\"wpb_wrapper\">\n<p>Ces pratiques manag\u00e9riales bas\u00e9es sur une vision \u00e0 long terme ne fonctionnent plus. Trop d&#8217;incertitudes nous entourent. Trop de questions sont dans l&#8217;air. Les chefs d&#8217;entreprise cherchent d\u00e9sesp\u00e9r\u00e9ment des signaux qui leur indiquent o\u00f9 va notre avenir, comment notre \u00e9conomie va \u00e9voluer, comment la consommation va pouvoir se porter, comment la courbe du ch\u00f4mage va se creuser. Mais personne ne peut aujourd&#8217;hui conna\u00eetre le destin de notre \u00e9conomie, pas m\u00eame les plus grands experts.<\/p>\n<p>Alors, au lieu de faire des projections dans le vide, veut mieux voir et renforcer les relations avec ceux qui vous regardent avec inqui\u00e9tude &#8211; vos salari\u00e9s et les partenaires de votre \u00e9cosyst\u00e8me. Le seul rem\u00e8de manag\u00e9rial post-Covid est de savoir les rassurer, les rassembler, les r\u00e9conforter et les r\u00e9organiser.<\/p>\n<p>Apr\u00e8s une p\u00e9riode d&#8217;hibernation, la plupart des salari\u00e9s osent quitter leur cocon, leur bureau \u00e0 domicile des 2 derni\u00e8res ann\u00e9es, souvent loin de leur lieu de travail habituel et de leurs coll\u00e8gues. Pour beaucoup, le temps est venu de trouver une nouvelle r\u00e9alit\u00e9 au travail. Cette r\u00e9alit\u00e9 est remplie de r\u00e8gles, de restrictions, de renforcements, de r\u00e9organisations et m\u00eame de ruptures pour certains. Et ce n&#8217;est qu&#8217;un d\u00e9but.<\/p>\n<p>Les entreprises et leurs \u00e9quipes n&#8217;ont jamais eu besoin d&#8217;un leadership relationnel dot\u00e9 de solides comp\u00e9tences en mati\u00e8re de relations. Au lieu d&#8217;avoir des dirigeants qui regardent au loin, nous avons besoin de dirigeants qui savent regarder de pr\u00e8s.<br \/>\nCette qualit\u00e9 commence par eux-m\u00eames, leurs qualit\u00e9s intra-personnelles avant de se projeter vers les autres en montrant des qualit\u00e9s interpersonnelles.<\/p>\n<p>Dans ma propre carri\u00e8re \u00e0 des postes de direction d&#8217;entreprises internationales, j&#8217;ai \u00e9t\u00e9 confront\u00e9 \u00e0 de nombreuses situations de crise : fusions, rachats d&#8217;entreprises fran\u00e7aises par des g\u00e9ants chinois, fermetures massives de centrales logistiques, crise \u00e9conomique de 2008 au sein d&#8217;une entreprise am\u00e9ricaine. Quelle que soit la crise, je me suis rendu compte \u00e0 quel point les \u00e9quipes faisaient appel au leadership relationnel local, bien plus qu&#8217;en p\u00e9riode de prosp\u00e9rit\u00e9. Le leadership relationnel me semble \u00eatre le seul rem\u00e8de efficace. La plus grande qualit\u00e9 des leaders en temps de crise doit \u00eatre la ma\u00eetrise des \u00e9l\u00e9ments suivants\u00a0<a href=\"https:\/\/michaela-merk.com\/emotional-relational-intelligence\/\">l&#8217;Intelligence Relationnelle<\/a>. L&#8217;intelligence relationnelle est une sensibilit\u00e9 exceptionnelle qui permet de d\u00e9tecter, d&#8217;analyser et d&#8217;adapter son leadership \u00e0 chaque nouvelle situation et \u00e0 chaque nouvelle personne de son \u00e9quipe.<br \/>\nLes dirigeants qui g\u00e8rent avec l&#8217;intelligence relationnelle savent comment transformer leurs \u00e9quipes en ambassadeurs de leur marque ou de leur entreprise.<br \/>\nPendant et apr\u00e8s la crise, vous devez avoir d\u00e9velopp\u00e9 des \u00e9quipes qui vous suivent, vous soutiennent solidairement afin de pr\u00e9parer avec vous votre entreprise \u00e0 une nouvelle croissance post-crise. Les meilleurs leaders profitent des p\u00e9riodes difficiles pour d\u00e9velopper leurs plus grands fans qui les admirent, les imitent, les observent, les portent.<br \/>\nCe travail est fondamental pour stabiliser et pr\u00e9parer le terrain avant que nous puissions \u00e0 nouveau avoir une vision \u00e0 long terme.<\/p>\n<p>Apr\u00e8s avoir dirig\u00e9 et coordonn\u00e9 des \u00e9quipes en p\u00e9riode de crise et de transformation, j&#8217;ai men\u00e9 des recherches au cours des dix derni\u00e8res ann\u00e9es pour mieux comprendre les comp\u00e9tences de l&#8217;intelligence relationnelle des dirigeants qui sont si pr\u00e9cieuses en p\u00e9riode de crise. J&#8217;ai interrog\u00e9 des centaines de cadres sup\u00e9rieurs d&#8217;une cinquantaine d&#8217;entreprises diff\u00e9rentes pour mieux identifier les qualit\u00e9s relationnelles qui font la diff\u00e9rence.<\/p>\n<p>Au c\u0153ur de l&#8217;intelligence relationnelle se trouvent cinq comp\u00e9tences essentielles pour stabiliser et s\u00e9curiser vos entreprises en ces temps incertains :<\/p>\n<ol>\n<li><strong> Ma\u00eetriser l&#8217;empathie<\/strong><\/li>\n<\/ol>\n<p>C&#8217;est l&#8217;incroyable capacit\u00e9 \u00e0 d\u00e9chiffrer les codes de chacun des membres de vos \u00e9quipes. Cette ma\u00eetrise n&#8217;est possible que si l&#8217;on fait l&#8217;effort de percevoir les \u00e9motions des autres en adoptant leur point de vue. Pourquoi cette qualit\u00e9 est-elle si importante en temps de crise ? Parce qu&#8217;il faut ressentir les angoisses, les besoins, les envies pour mettre en place les actions \u00e0 court terme. C&#8217;est le moment d&#8217;obtenir l&#8217;adh\u00e9sion de tous. Et vous devrez probablement vous s\u00e9parer de ceux qui ne veulent pas se laisser entra\u00eener malgr\u00e9 vos efforts relationnels. Car ils repr\u00e9senteront un frein consid\u00e9rable lorsque vous voudrez hisser \u00e0 nouveau les voiles et acc\u00e9l\u00e9rer.<\/p>\n<ol start=\"2\">\n<li><strong> D\u00e9velopper la confiance en soi<\/strong><\/li>\n<\/ol>\n<p>Lorsque l&#8217;avenir est incertain, il est essentiel de pouvoir faire confiance \u00e0 une entreprise gr\u00e2ce \u00e0 un grand dirigeant.<\/p>\n<p>L&#8217;ancien pr\u00e9sident d&#8217;IBM, Thomas J. Watson, a d\u00e9clar\u00e9 : &#8220;Le plus difficile dans le pouvoir de la confiance, c&#8217;est qu&#8217;elle est difficile \u00e0 construire et si facile \u00e0 d\u00e9truire&#8221;. J&#8217;ajouterais \u00e0 cette observation que la confiance se construit lorsque les actions en p\u00e9riode de turbulences sont coh\u00e9rentes avec les promesses faites en p\u00e9riode de prosp\u00e9rit\u00e9. L&#8217;\u00e9cart entre les paroles et les actes doit \u00eatre quasiment inexistant. D\u00e8s qu&#8217;un foss\u00e9 se creuse, la confiance se transforme en frustration, voire en d\u00e9ception.<\/p>\n<ol start=\"3\">\n<li><strong> Partager sa passion<\/strong><\/li>\n<\/ol>\n<p>C&#8217;est \u00e0 vous, dirigeants, de trouver chaque jour du positif pour \u00e9lever le moral de vos \u00e9quipes. Une passion ne se d\u00e9truit pas si vite. Que vous soyez le cr\u00e9ateur de votre entreprise, que vous en ayez h\u00e9rit\u00e9 ou que vous la dirigiez depuis plusieurs ann\u00e9es, il y a quelque chose qui vous anime. Le produit, le secteur, l&#8217;innovation, la cr\u00e9ation, le service, les b\u00e9n\u00e9fices, les gens qui vous entourent. Faites-le savoir plus que jamais, passez le flambeau, m\u00eame si cela semble difficile dans les moments difficiles.<\/p>\n<ol start=\"4\">\n<li><strong>D\u00e9velopper une fiert\u00e9 authentique<\/strong><\/li>\n<\/ol>\n<p>L&#8217;orgueil a plusieurs visages : destructeur avec la fiert\u00e9 de la domination ou b\u00e2tisseur avec celle de l&#8217;accomplissement. Cette derni\u00e8re est si puissante si vous \u00e9tablissez des valeurs fortes, si vous les rendez visibles, si vous les vivez, si vous les incarnez, si vous les inspirez. Ces valeurs servent de base d&#8217;identification pour vos \u00e9quipes, vos partenaires et vos clients. En plus des valeurs, il faut r\u00e9ussir \u00e0 cr\u00e9er des moments de victoire gr\u00e2ce au sens de la comp\u00e9titivit\u00e9. C&#8217;est un d\u00e9sir de gagner, de ne pas abandonner, de terminer quand les temps sont durs. Et vous, les dirigeants, \u00eates les premiers \u00e0 montrer cette incroyable qualit\u00e9 de r\u00e9silience gr\u00e2ce \u00e0 votre volont\u00e9 de sortir renforc\u00e9s de la crise.<\/p>\n<ol start=\"5\">\n<li><strong> Inciter \u00e0 la gratitude<\/strong><\/li>\n<\/ol>\n<p>Les grands leaders sont non seulement capables de dire merci, mais ils inspirent le remerciement. C&#8217;est lorsqu&#8217;ils rendent leurs \u00e9quipes heureuses par des actions altruistes, lorsqu&#8217;ils se mettent au service de leurs \u00e9quipes, lorsqu&#8217;ils peuvent am\u00e9liorer leur vie &#8211; surtout lorsque cela fait mal.\u00a0<a href=\"https:\/\/en.wikipedia.org\/wiki\/Gratitude\" target=\"_blank\" rel=\"noopener\">Gratitude<\/a>\u00a0n&#8217;a pas de fronti\u00e8res, seulement des avantages.<\/p>\n<p>Conseil sp\u00e9cial : les dirigeants qui pratiquent le leadership relationnel seront les gagnants de la crise car ils parviendront \u00e0 maintenir leurs \u00e9quipes performantes, solidaires et tourn\u00e9es vers l&#8217;avenir.<\/p>\n<p>Ils gagneront parce qu&#8217;ils auront transform\u00e9 leurs \u00e9quipes en ambassadeurs de votre entreprise, de votre leadership relationnel, de votre personne. C&#8217;est ainsi que vous les emm\u00e8nerez tous sur votre bateau tr\u00e8s agile, rapide, gagnant parce que vous aurez fait preuve d&#8217;Intelligence Relationnelle quand la vision ne vous portait plus.<\/p>\n<p>&nbsp;<\/p>\n<\/div>\n<\/div>\n<div class=\"img-with-aniamtion-wrap \" data-max-width=\"100%\" data-max-width-mobile=\"default\" data-border-radius=\"none\" data-shadow=\"none\" data-animation=\"none\">\n<div class=\"inner\">\n<div class=\"hover-wrap\" data-hover-animation=\"none\">\n<div class=\"hover-wrap-inner\"><img decoding=\"async\" class=\"img-with-animation skip-lazy animated-in\" src=\"https:\/\/merk-vision.com\/wp-content\/uploads\/2020\/09\/Picture2-MV.jpg\" sizes=\"(min-width: 1450px) 75vw, (min-width: 1000px) 85vw, 100vw\" srcset=\"https:\/\/merk-vision.com\/wp-content\/uploads\/2020\/09\/Picture2-MV.jpg 953w, https:\/\/merk-vision.com\/wp-content\/uploads\/2020\/09\/Picture2-MV-300x200.jpg 300w, https:\/\/merk-vision.com\/wp-content\/uploads\/2020\/09\/Picture2-MV-768x511.jpg 768w, https:\/\/merk-vision.com\/wp-content\/uploads\/2020\/09\/Picture2-MV-900x600.jpg 900w, https:\/\/merk-vision.com\/wp-content\/uploads\/2020\/09\/Picture2-MV-200x133.jpg 200w\" alt=\"Post-Covid Leadership: Less vision - more relationship Picture 2\" width=\"953\" height=\"634\" data-delay=\"0\" data-animation=\"none\" \/><\/div>\n<\/div>\n<\/div>\n<\/div>\n<div class=\"wpb_text_column wpb_content_element \">\n<div class=\"wpb_wrapper\">\n<p>Michaela Merk &#8211; Experte et conf\u00e9renci\u00e8re dans le domaine du luxe et de la gestion des marques<\/p>\n<\/div>\n<\/div>\n","protected":false},"excerpt":{"rendered":"<p>Le leadership post-Covid : Moins de vision &#8211; plus de relations Changez de lunettes ! Avant la crise, les dirigeants aimaient regarder loin, faire des projections \u00e0 long terme, planifier leur avenir, \u00e9tablir des budgets pour cinq ans. Souvent loin de leurs employ\u00e9s, ils prenaient des d\u00e9cisions pendant que les \u00e9quipes ramaient pour faire avancer [&hellip;]<\/p>\n","protected":false},"author":1,"featured_media":9617,"comment_status":"closed","ping_status":"closed","sticky":false,"template":"","format":"standard","meta":{"footnotes":""},"categories":[49],"tags":[],"class_list":["post-10315","post","type-post","status-publish","format-standard","has-post-thumbnail","hentry","category-blog-fr"],"_links":{"self":[{"href":"https:\/\/michaela-merk.com\/fr\/wp-json\/wp\/v2\/posts\/10315","targetHints":{"allow":["GET"]}}],"collection":[{"href":"https:\/\/michaela-merk.com\/fr\/wp-json\/wp\/v2\/posts"}],"about":[{"href":"https:\/\/michaela-merk.com\/fr\/wp-json\/wp\/v2\/types\/post"}],"author":[{"embeddable":true,"href":"https:\/\/michaela-merk.com\/fr\/wp-json\/wp\/v2\/users\/1"}],"replies":[{"embeddable":true,"href":"https:\/\/michaela-merk.com\/fr\/wp-json\/wp\/v2\/comments?post=10315"}],"version-history":[{"count":2,"href":"https:\/\/michaela-merk.com\/fr\/wp-json\/wp\/v2\/posts\/10315\/revisions"}],"predecessor-version":[{"id":10317,"href":"https:\/\/michaela-merk.com\/fr\/wp-json\/wp\/v2\/posts\/10315\/revisions\/10317"}],"wp:featuredmedia":[{"embeddable":true,"href":"https:\/\/michaela-merk.com\/fr\/wp-json\/wp\/v2\/media\/9617"}],"wp:attachment":[{"href":"https:\/\/michaela-merk.com\/fr\/wp-json\/wp\/v2\/media?parent=10315"}],"wp:term":[{"taxonomy":"category","embeddable":true,"href":"https:\/\/michaela-merk.com\/fr\/wp-json\/wp\/v2\/categories?post=10315"},{"taxonomy":"post_tag","embeddable":true,"href":"https:\/\/michaela-merk.com\/fr\/wp-json\/wp\/v2\/tags?post=10315"}],"curies":[{"name":"wp","href":"https:\/\/api.w.org\/{rel}","templated":true}]}}